{"id":12095,"date":"2023-03-06T17:50:45","date_gmt":"2023-03-06T15:50:45","guid":{"rendered":"https:\/\/riederbach.ch\/?p=12095"},"modified":"2023-03-06T18:05:00","modified_gmt":"2023-03-06T16:05:00","slug":"sara","status":"publish","type":"post","link":"https:\/\/riederbach.ch\/fr\/sara\/","title":{"rendered":"SARA"},"content":{"rendered":"\t\t<div data-elementor-type=\"wp-post\" data-elementor-id=\"12095\" class=\"elementor elementor-12095 elementor-11982\" data-elementor-post-type=\"post\">\n\t\t\t\t\t\t<section class=\"elementor-section elementor-top-section elementor-element elementor-element-9d6f82b elementor-section-full_width elementor-section-height-default elementor-section-height-default\" data-id=\"9d6f82b\" data-element_type=\"section\" data-e-type=\"section\">\n\t\t\t\t\t\t<div class=\"elementor-container elementor-column-gap-default\">\n\t\t\t\t\t<div class=\"elementor-column elementor-col-100 elementor-top-column elementor-element elementor-element-dff03dd\" data-id=\"dff03dd\" data-element_type=\"column\" data-e-type=\"column\">\n\t\t\t<div class=\"elementor-widget-wrap elementor-element-populated\">\n\t\t\t\t\t\t<div class=\"elementor-element elementor-element-b632b9e elementor-widget-divider--view-line_text elementor-widget-mobile__width-inherit elementor-widget-divider--element-align-center elementor-widget elementor-widget-divider\" data-id=\"b632b9e\" data-element_type=\"widget\" data-e-type=\"widget\" data-widget_type=\"divider.default\">\n\t\t\t\t<div class=\"elementor-widget-container\">\n\t\t\t\t\t\t\t<div class=\"elementor-divider\">\n\t\t\t<span class=\"elementor-divider-separator\">\n\t\t\t\t\t\t\t<h1 class=\"elementor-divider__text elementor-divider__element\">\n\t\t\t\tSARA\t\t\t\t<\/h1>\n\t\t\t\t\t\t<\/span>\n\t\t<\/div>\n\t\t\t\t\t\t<\/div>\n\t\t\t\t<\/div>\n\t\t\t\t\t<\/div>\n\t\t<\/div>\n\t\t\t\t\t<\/div>\n\t\t<\/section>\n\t\t\t\t<section class=\"elementor-section elementor-top-section elementor-element elementor-element-43123ce elementor-section-boxed elementor-section-height-default elementor-section-height-default\" data-id=\"43123ce\" data-element_type=\"section\" data-e-type=\"section\">\n\t\t\t\t\t\t<div class=\"elementor-container elementor-column-gap-default\">\n\t\t\t\t\t<div class=\"elementor-column elementor-col-100 elementor-top-column elementor-element elementor-element-b9909af\" data-id=\"b9909af\" data-element_type=\"column\" data-e-type=\"column\">\n\t\t\t<div class=\"elementor-widget-wrap elementor-element-populated\">\n\t\t\t\t\t\t<div class=\"elementor-element elementor-element-382b8d8 elementor-widget elementor-widget-spacer\" data-id=\"382b8d8\" data-element_type=\"widget\" data-e-type=\"widget\" data-widget_type=\"spacer.default\">\n\t\t\t\t<div class=\"elementor-widget-container\">\n\t\t\t\t\t\t\t<div class=\"elementor-spacer\">\n\t\t\t<div class=\"elementor-spacer-inner\"><\/div>\n\t\t<\/div>\n\t\t\t\t\t\t<\/div>\n\t\t\t\t<\/div>\n\t\t\t\t<div class=\"elementor-element elementor-element-a6cd184 elementor-widget elementor-widget-text-editor\" data-id=\"a6cd184\" data-element_type=\"widget\" data-e-type=\"widget\" data-widget_type=\"text-editor.default\">\n\t\t\t\t<div class=\"elementor-widget-container\">\n\t\t\t\t\t\t\t\t\t<p style=\"text-align: center; font-family: montserrat;\" align=\"center\"><span lang=\"FR-CH\" style=\"font-size: 11pt;\">Laissez-vous convaincre par les mat\u00e9riaux de choix qui, combin\u00e9s, cr\u00e9ent une atmosph\u00e8re chaleureuse <\/span><span style=\"font-size: 11pt;\">o\u00f9 il est plaisant de <\/span><span style=\"font-size: 11pt;\">s\u00e9journer.<\/span><\/p><p style=\"text-align: center; font-family: montserrat;\" align=\"center\"><span style=\"color: var( --e-global-color-text ); font-weight: var( --e-global-typography-text-font-weight ); letter-spacing: var(--the7-base-letter-spacing); text-transform: var(--the7-base-text-transform); word-spacing: normal;\">Dans chacune de nos r\u00e9alisations, le bois, qui fait partie int\u00e9grante d&rsquo;un chalet, est un \u00e9l\u00e9ment important. Il est ici parfaitement mis en sc\u00e8ne<\/span>.<\/p>\t\t\t\t\t\t\t\t<\/div>\n\t\t\t\t<\/div>\n\t\t\t\t<div class=\"elementor-element elementor-element-f0b544d elementor-widget elementor-widget-spacer\" data-id=\"f0b544d\" data-element_type=\"widget\" data-e-type=\"widget\" data-widget_type=\"spacer.default\">\n\t\t\t\t<div class=\"elementor-widget-container\">\n\t\t\t\t\t\t\t<div class=\"elementor-spacer\">\n\t\t\t<div class=\"elementor-spacer-inner\"><\/div>\n\t\t<\/div>\n\t\t\t\t\t\t<\/div>\n\t\t\t\t<\/div>\n\t\t\t\t\t<\/div>\n\t\t<\/div>\n\t\t\t\t\t<\/div>\n\t\t<\/section>\n\t\t\t\t<section class=\"elementor-section elementor-top-section elementor-element elementor-element-010716a elementor-section-full_width elementor-section-height-default elementor-section-height-default\" data-id=\"010716a\" data-element_type=\"section\" data-e-type=\"section\">\n\t\t\t\t\t\t<div class=\"elementor-container elementor-column-gap-default\">\n\t\t\t\t\t<div class=\"elementor-column elementor-col-100 elementor-top-column elementor-element elementor-element-dc867cf\" data-id=\"dc867cf\" data-element_type=\"column\" data-e-type=\"column\">\n\t\t\t<div class=\"elementor-widget-wrap elementor-element-populated\">\n\t\t\t\t\t\t<div class=\"elementor-element elementor-element-dbc02a0 elementor-widget elementor-widget-gallery\" data-id=\"dbc02a0\" data-element_type=\"widget\" data-e-type=\"widget\" data-settings=\"{&quot;gap&quot;:{&quot;unit&quot;:&quot;px&quot;,&quot;size&quot;:20,&quot;sizes&quot;:[]},&quot;gallery_layout&quot;:&quot;grid&quot;,&quot;columns&quot;:4,&quot;columns_tablet&quot;:2,&quot;columns_mobile&quot;:1,&quot;gap_tablet&quot;:{&quot;unit&quot;:&quot;px&quot;,&quot;size&quot;:10,&quot;sizes&quot;:[]},&quot;gap_mobile&quot;:{&quot;unit&quot;:&quot;px&quot;,&quot;size&quot;:10,&quot;sizes&quot;:[]},&quot;link_to&quot;:&quot;file&quot;,&quot;aspect_ratio&quot;:&quot;3:2&quot;,&quot;overlay_background&quot;:&quot;yes&quot;,&quot;content_hover_animation&quot;:&quot;fade-in&quot;}\" data-widget_type=\"gallery.default\">\n\t\t\t\t<div class=\"elementor-widget-container\">\n\t\t\t\t\t\t\t<div class=\"elementor-gallery__container\">\n\t\t\t\t\t\t\t<a class=\"e-gallery-item elementor-gallery-item elementor-animated-content\" href=\"https:\/\/riederbach.ch\/wp-content\/uploads\/2023\/03\/Chalet-Sara_01.jpg\" data-elementor-open-lightbox=\"yes\" data-elementor-lightbox-slideshow=\"dbc02a0\" data-elementor-lightbox-title=\"Chalet Sara_01\" data-e-action-hash=\"#elementor-action%3Aaction%3Dlightbox%26settings%3DeyJpZCI6MTE5OTQsInVybCI6Imh0dHBzOlwvXC9yaWVkZXJiYWNoLmNoXC93cC1jb250ZW50XC91cGxvYWRzXC8yMDIzXC8wM1wvQ2hhbGV0LVNhcmFfMDEuanBnIiwic2xpZGVzaG93IjoiZGJjMDJhMCJ9\">\n\t\t\t\t\t<div class=\"e-gallery-image elementor-gallery-item__image\" data-thumbnail=\"https:\/\/riederbach.ch\/wp-content\/uploads\/2023\/03\/Chalet-Sara_01.jpg\" data-width=\"1440\" data-height=\"960\" aria-label=\"\" role=\"img\" ><\/div>\n\t\t\t\t\t\t\t\t\t\t\t<div class=\"elementor-gallery-item__overlay\"><\/div>\n\t\t\t\t\t\t\t\t\t\t\t\t\t\t<\/a>\n\t\t\t\t\t\t\t<a class=\"e-gallery-item elementor-gallery-item elementor-animated-content\" href=\"https:\/\/riederbach.ch\/wp-content\/uploads\/2023\/03\/Chalet-Sara_02.jpg\" data-elementor-open-lightbox=\"yes\" data-elementor-lightbox-slideshow=\"dbc02a0\" data-elementor-lightbox-title=\"Chalet Sara_02\" data-e-action-hash=\"#elementor-action%3Aaction%3Dlightbox%26settings%3DeyJpZCI6MTE5OTgsInVybCI6Imh0dHBzOlwvXC9yaWVkZXJiYWNoLmNoXC93cC1jb250ZW50XC91cGxvYWRzXC8yMDIzXC8wM1wvQ2hhbGV0LVNhcmFfMDIuanBnIiwic2xpZGVzaG93IjoiZGJjMDJhMCJ9\">\n\t\t\t\t\t<div class=\"e-gallery-image elementor-gallery-item__image\" data-thumbnail=\"https:\/\/riederbach.ch\/wp-content\/uploads\/2023\/03\/Chalet-Sara_02.jpg\" data-width=\"1440\" data-height=\"960\" aria-label=\"\" role=\"img\" ><\/div>\n\t\t\t\t\t\t\t\t\t\t\t<div class=\"elementor-gallery-item__overlay\"><\/div>\n\t\t\t\t\t\t\t\t\t\t\t\t\t\t<\/a>\n\t\t\t\t\t\t\t<a class=\"e-gallery-item elementor-gallery-item elementor-animated-content\" href=\"https:\/\/riederbach.ch\/wp-content\/uploads\/2023\/03\/Chalet-Sara_03.jpg\" data-elementor-open-lightbox=\"yes\" data-elementor-lightbox-slideshow=\"dbc02a0\" data-elementor-lightbox-title=\"Chalet Sara_03\" data-e-action-hash=\"#elementor-action%3Aaction%3Dlightbox%26settings%3DeyJpZCI6MTIwMDIsInVybCI6Imh0dHBzOlwvXC9yaWVkZXJiYWNoLmNoXC93cC1jb250ZW50XC91cGxvYWRzXC8yMDIzXC8wM1wvQ2hhbGV0LVNhcmFfMDMuanBnIiwic2xpZGVzaG93IjoiZGJjMDJhMCJ9\">\n\t\t\t\t\t<div class=\"e-gallery-image elementor-gallery-item__image\" data-thumbnail=\"https:\/\/riederbach.ch\/wp-content\/uploads\/2023\/03\/Chalet-Sara_03.jpg\" data-width=\"1440\" data-height=\"960\" aria-label=\"\" role=\"img\" ><\/div>\n\t\t\t\t\t\t\t\t\t\t\t<div class=\"elementor-gallery-item__overlay\"><\/div>\n\t\t\t\t\t\t\t\t\t\t\t\t\t\t<\/a>\n\t\t\t\t\t\t\t<a class=\"e-gallery-item elementor-gallery-item elementor-animated-content\" href=\"https:\/\/riederbach.ch\/wp-content\/uploads\/2023\/03\/Chalet-Sara_03_1.jpg\" data-elementor-open-lightbox=\"yes\" data-elementor-lightbox-slideshow=\"dbc02a0\" data-elementor-lightbox-title=\"Chalet Sara_03_1\" data-e-action-hash=\"#elementor-action%3Aaction%3Dlightbox%26settings%3DeyJpZCI6MTIwMDYsInVybCI6Imh0dHBzOlwvXC9yaWVkZXJiYWNoLmNoXC93cC1jb250ZW50XC91cGxvYWRzXC8yMDIzXC8wM1wvQ2hhbGV0LVNhcmFfMDNfMS5qcGciLCJzbGlkZXNob3ciOiJkYmMwMmEwIn0%3D\">\n\t\t\t\t\t<div class=\"e-gallery-image elementor-gallery-item__image\" data-thumbnail=\"https:\/\/riederbach.ch\/wp-content\/uploads\/2023\/03\/Chalet-Sara_03_1.jpg\" data-width=\"1440\" data-height=\"960\" aria-label=\"\" role=\"img\" ><\/div>\n\t\t\t\t\t\t\t\t\t\t\t<div class=\"elementor-gallery-item__overlay\"><\/div>\n\t\t\t\t\t\t\t\t\t\t\t\t\t\t<\/a>\n\t\t\t\t\t\t\t<a class=\"e-gallery-item elementor-gallery-item elementor-animated-content\" href=\"https:\/\/riederbach.ch\/wp-content\/uploads\/2023\/03\/Chalet-Sara_03_2.jpg\" data-elementor-open-lightbox=\"yes\" data-elementor-lightbox-slideshow=\"dbc02a0\" data-elementor-lightbox-title=\"Chalet Sara_03_2\" data-e-action-hash=\"#elementor-action%3Aaction%3Dlightbox%26settings%3DeyJpZCI6MTIwMTAsInVybCI6Imh0dHBzOlwvXC9yaWVkZXJiYWNoLmNoXC93cC1jb250ZW50XC91cGxvYWRzXC8yMDIzXC8wM1wvQ2hhbGV0LVNhcmFfMDNfMi5qcGciLCJzbGlkZXNob3ciOiJkYmMwMmEwIn0%3D\">\n\t\t\t\t\t<div class=\"e-gallery-image elementor-gallery-item__image\" data-thumbnail=\"https:\/\/riederbach.ch\/wp-content\/uploads\/2023\/03\/Chalet-Sara_03_2.jpg\" data-width=\"1440\" data-height=\"960\" aria-label=\"\" role=\"img\" ><\/div>\n\t\t\t\t\t\t\t\t\t\t\t<div class=\"elementor-gallery-item__overlay\"><\/div>\n\t\t\t\t\t\t\t\t\t\t\t\t\t\t<\/a>\n\t\t\t\t\t\t\t<a class=\"e-gallery-item elementor-gallery-item elementor-animated-content\" href=\"https:\/\/riederbach.ch\/wp-content\/uploads\/2023\/03\/Chalet-Sara_03_3.jpg\" data-elementor-open-lightbox=\"yes\" data-elementor-lightbox-slideshow=\"dbc02a0\" data-elementor-lightbox-title=\"Chalet Sara_03_3\" data-e-action-hash=\"#elementor-action%3Aaction%3Dlightbox%26settings%3DeyJpZCI6MTIwMTQsInVybCI6Imh0dHBzOlwvXC9yaWVkZXJiYWNoLmNoXC93cC1jb250ZW50XC91cGxvYWRzXC8yMDIzXC8wM1wvQ2hhbGV0LVNhcmFfMDNfMy5qcGciLCJzbGlkZXNob3ciOiJkYmMwMmEwIn0%3D\">\n\t\t\t\t\t<div class=\"e-gallery-image elementor-gallery-item__image\" data-thumbnail=\"https:\/\/riederbach.ch\/wp-content\/uploads\/2023\/03\/Chalet-Sara_03_3.jpg\" data-width=\"1014\" data-height=\"1441\" aria-label=\"\" role=\"img\" ><\/div>\n\t\t\t\t\t\t\t\t\t\t\t<div class=\"elementor-gallery-item__overlay\"><\/div>\n\t\t\t\t\t\t\t\t\t\t\t\t\t\t<\/a>\n\t\t\t\t\t\t\t<a class=\"e-gallery-item elementor-gallery-item elementor-animated-content\" href=\"https:\/\/riederbach.ch\/wp-content\/uploads\/2023\/03\/Chalet-Sara_04.jpg\" data-elementor-open-lightbox=\"yes\" data-elementor-lightbox-slideshow=\"dbc02a0\" data-elementor-lightbox-title=\"Chalet Sara_04\" data-e-action-hash=\"#elementor-action%3Aaction%3Dlightbox%26settings%3DeyJpZCI6MTIwMTgsInVybCI6Imh0dHBzOlwvXC9yaWVkZXJiYWNoLmNoXC93cC1jb250ZW50XC91cGxvYWRzXC8yMDIzXC8wM1wvQ2hhbGV0LVNhcmFfMDQuanBnIiwic2xpZGVzaG93IjoiZGJjMDJhMCJ9\">\n\t\t\t\t\t<div class=\"e-gallery-image elementor-gallery-item__image\" data-thumbnail=\"https:\/\/riederbach.ch\/wp-content\/uploads\/2023\/03\/Chalet-Sara_04.jpg\" data-width=\"1440\" data-height=\"960\" aria-label=\"\" role=\"img\" ><\/div>\n\t\t\t\t\t\t\t\t\t\t\t<div class=\"elementor-gallery-item__overlay\"><\/div>\n\t\t\t\t\t\t\t\t\t\t\t\t\t\t<\/a>\n\t\t\t\t\t\t\t<a class=\"e-gallery-item elementor-gallery-item elementor-animated-content\" href=\"https:\/\/riederbach.ch\/wp-content\/uploads\/2023\/03\/Chalet-Sara_05.jpg\" data-elementor-open-lightbox=\"yes\" data-elementor-lightbox-slideshow=\"dbc02a0\" data-elementor-lightbox-title=\"Chalet Sara_05\" data-e-action-hash=\"#elementor-action%3Aaction%3Dlightbox%26settings%3DeyJpZCI6MTIwMjIsInVybCI6Imh0dHBzOlwvXC9yaWVkZXJiYWNoLmNoXC93cC1jb250ZW50XC91cGxvYWRzXC8yMDIzXC8wM1wvQ2hhbGV0LVNhcmFfMDUuanBnIiwic2xpZGVzaG93IjoiZGJjMDJhMCJ9\">\n\t\t\t\t\t<div class=\"e-gallery-image elementor-gallery-item__image\" data-thumbnail=\"https:\/\/riederbach.ch\/wp-content\/uploads\/2023\/03\/Chalet-Sara_05.jpg\" data-width=\"1440\" data-height=\"960\" aria-label=\"\" role=\"img\" ><\/div>\n\t\t\t\t\t\t\t\t\t\t\t<div class=\"elementor-gallery-item__overlay\"><\/div>\n\t\t\t\t\t\t\t\t\t\t\t\t\t\t<\/a>\n\t\t\t\t\t\t\t<a class=\"e-gallery-item elementor-gallery-item elementor-animated-content\" href=\"https:\/\/riederbach.ch\/wp-content\/uploads\/2023\/03\/Chalet-Sara_06.jpg\" data-elementor-open-lightbox=\"yes\" data-elementor-lightbox-slideshow=\"dbc02a0\" data-elementor-lightbox-title=\"Chalet Sara_06\" data-e-action-hash=\"#elementor-action%3Aaction%3Dlightbox%26settings%3DeyJpZCI6MTIwMjYsInVybCI6Imh0dHBzOlwvXC9yaWVkZXJiYWNoLmNoXC93cC1jb250ZW50XC91cGxvYWRzXC8yMDIzXC8wM1wvQ2hhbGV0LVNhcmFfMDYuanBnIiwic2xpZGVzaG93IjoiZGJjMDJhMCJ9\">\n\t\t\t\t\t<div class=\"e-gallery-image elementor-gallery-item__image\" data-thumbnail=\"https:\/\/riederbach.ch\/wp-content\/uploads\/2023\/03\/Chalet-Sara_06.jpg\" data-width=\"1440\" data-height=\"960\" aria-label=\"\" role=\"img\" ><\/div>\n\t\t\t\t\t\t\t\t\t\t\t<div class=\"elementor-gallery-item__overlay\"><\/div>\n\t\t\t\t\t\t\t\t\t\t\t\t\t\t<\/a>\n\t\t\t\t\t\t\t<a class=\"e-gallery-item elementor-gallery-item elementor-animated-content\" href=\"https:\/\/riederbach.ch\/wp-content\/uploads\/2023\/03\/Chalet-Sara_06_1.jpg\" data-elementor-open-lightbox=\"yes\" data-elementor-lightbox-slideshow=\"dbc02a0\" data-elementor-lightbox-title=\"Chalet Sara_06_1\" data-e-action-hash=\"#elementor-action%3Aaction%3Dlightbox%26settings%3DeyJpZCI6MTIwMzAsInVybCI6Imh0dHBzOlwvXC9yaWVkZXJiYWNoLmNoXC93cC1jb250ZW50XC91cGxvYWRzXC8yMDIzXC8wM1wvQ2hhbGV0LVNhcmFfMDZfMS5qcGciLCJzbGlkZXNob3ciOiJkYmMwMmEwIn0%3D\">\n\t\t\t\t\t<div class=\"e-gallery-image elementor-gallery-item__image\" data-thumbnail=\"https:\/\/riederbach.ch\/wp-content\/uploads\/2023\/03\/Chalet-Sara_06_1.jpg\" data-width=\"1014\" data-height=\"1441\" aria-label=\"\" role=\"img\" ><\/div>\n\t\t\t\t\t\t\t\t\t\t\t<div class=\"elementor-gallery-item__overlay\"><\/div>\n\t\t\t\t\t\t\t\t\t\t\t\t\t\t<\/a>\n\t\t\t\t\t\t\t<a class=\"e-gallery-item elementor-gallery-item elementor-animated-content\" href=\"https:\/\/riederbach.ch\/wp-content\/uploads\/2023\/03\/Chalet-Sara_07.jpg\" data-elementor-open-lightbox=\"yes\" data-elementor-lightbox-slideshow=\"dbc02a0\" data-elementor-lightbox-title=\"Chalet Sara_07\" data-e-action-hash=\"#elementor-action%3Aaction%3Dlightbox%26settings%3DeyJpZCI6MTIwMzQsInVybCI6Imh0dHBzOlwvXC9yaWVkZXJiYWNoLmNoXC93cC1jb250ZW50XC91cGxvYWRzXC8yMDIzXC8wM1wvQ2hhbGV0LVNhcmFfMDcuanBnIiwic2xpZGVzaG93IjoiZGJjMDJhMCJ9\">\n\t\t\t\t\t<div class=\"e-gallery-image elementor-gallery-item__image\" data-thumbnail=\"https:\/\/riederbach.ch\/wp-content\/uploads\/2023\/03\/Chalet-Sara_07.jpg\" data-width=\"1440\" data-height=\"960\" aria-label=\"\" role=\"img\" ><\/div>\n\t\t\t\t\t\t\t\t\t\t\t<div class=\"elementor-gallery-item__overlay\"><\/div>\n\t\t\t\t\t\t\t\t\t\t\t\t\t\t<\/a>\n\t\t\t\t\t\t\t<a class=\"e-gallery-item elementor-gallery-item elementor-animated-content\" href=\"https:\/\/riederbach.ch\/wp-content\/uploads\/2023\/03\/Chalet-Sara_08.jpg\" data-elementor-open-lightbox=\"yes\" data-elementor-lightbox-slideshow=\"dbc02a0\" data-elementor-lightbox-title=\"Chalet Sara_08\" data-e-action-hash=\"#elementor-action%3Aaction%3Dlightbox%26settings%3DeyJpZCI6MTIwMzgsInVybCI6Imh0dHBzOlwvXC9yaWVkZXJiYWNoLmNoXC93cC1jb250ZW50XC91cGxvYWRzXC8yMDIzXC8wM1wvQ2hhbGV0LVNhcmFfMDguanBnIiwic2xpZGVzaG93IjoiZGJjMDJhMCJ9\">\n\t\t\t\t\t<div class=\"e-gallery-image elementor-gallery-item__image\" data-thumbnail=\"https:\/\/riederbach.ch\/wp-content\/uploads\/2023\/03\/Chalet-Sara_08.jpg\" data-width=\"1440\" data-height=\"960\" aria-label=\"\" role=\"img\" ><\/div>\n\t\t\t\t\t\t\t\t\t\t\t<div class=\"elementor-gallery-item__overlay\"><\/div>\n\t\t\t\t\t\t\t\t\t\t\t\t\t\t<\/a>\n\t\t\t\t\t\t\t<a class=\"e-gallery-item elementor-gallery-item elementor-animated-content\" href=\"https:\/\/riederbach.ch\/wp-content\/uploads\/2023\/03\/Chalet-Sara_09.jpg\" data-elementor-open-lightbox=\"yes\" data-elementor-lightbox-slideshow=\"dbc02a0\" data-elementor-lightbox-title=\"Chalet Sara_09\" data-e-action-hash=\"#elementor-action%3Aaction%3Dlightbox%26settings%3DeyJpZCI6MTIwNDIsInVybCI6Imh0dHBzOlwvXC9yaWVkZXJiYWNoLmNoXC93cC1jb250ZW50XC91cGxvYWRzXC8yMDIzXC8wM1wvQ2hhbGV0LVNhcmFfMDkuanBnIiwic2xpZGVzaG93IjoiZGJjMDJhMCJ9\">\n\t\t\t\t\t<div class=\"e-gallery-image elementor-gallery-item__image\" data-thumbnail=\"https:\/\/riederbach.ch\/wp-content\/uploads\/2023\/03\/Chalet-Sara_09.jpg\" data-width=\"1440\" data-height=\"960\" aria-label=\"\" role=\"img\" ><\/div>\n\t\t\t\t\t\t\t\t\t\t\t<div class=\"elementor-gallery-item__overlay\"><\/div>\n\t\t\t\t\t\t\t\t\t\t\t\t\t\t<\/a>\n\t\t\t\t\t\t\t<a class=\"e-gallery-item elementor-gallery-item elementor-animated-content\" href=\"https:\/\/riederbach.ch\/wp-content\/uploads\/2023\/03\/Chalet-Sara_011.jpg\" data-elementor-open-lightbox=\"yes\" data-elementor-lightbox-slideshow=\"dbc02a0\" data-elementor-lightbox-title=\"Chalet Sara_011\" data-e-action-hash=\"#elementor-action%3Aaction%3Dlightbox%26settings%3DeyJpZCI6MTIwNTAsInVybCI6Imh0dHBzOlwvXC9yaWVkZXJiYWNoLmNoXC93cC1jb250ZW50XC91cGxvYWRzXC8yMDIzXC8wM1wvQ2hhbGV0LVNhcmFfMDExLmpwZyIsInNsaWRlc2hvdyI6ImRiYzAyYTAifQ%3D%3D\">\n\t\t\t\t\t<div class=\"e-gallery-image elementor-gallery-item__image\" data-thumbnail=\"https:\/\/riederbach.ch\/wp-content\/uploads\/2023\/03\/Chalet-Sara_011.jpg\" data-width=\"1440\" data-height=\"960\" aria-label=\"\" role=\"img\" ><\/div>\n\t\t\t\t\t\t\t\t\t\t\t<div class=\"elementor-gallery-item__overlay\"><\/div>\n\t\t\t\t\t\t\t\t\t\t\t\t\t\t<\/a>\n\t\t\t\t\t\t\t<a class=\"e-gallery-item elementor-gallery-item elementor-animated-content\" href=\"https:\/\/riederbach.ch\/wp-content\/uploads\/2023\/03\/Chalet-Sara_012.jpg\" data-elementor-open-lightbox=\"yes\" data-elementor-lightbox-slideshow=\"dbc02a0\" data-elementor-lightbox-title=\"Chalet Sara_012\" data-e-action-hash=\"#elementor-action%3Aaction%3Dlightbox%26settings%3DeyJpZCI6MTIwNTQsInVybCI6Imh0dHBzOlwvXC9yaWVkZXJiYWNoLmNoXC93cC1jb250ZW50XC91cGxvYWRzXC8yMDIzXC8wM1wvQ2hhbGV0LVNhcmFfMDEyLmpwZyIsInNsaWRlc2hvdyI6ImRiYzAyYTAifQ%3D%3D\">\n\t\t\t\t\t<div class=\"e-gallery-image elementor-gallery-item__image\" data-thumbnail=\"https:\/\/riederbach.ch\/wp-content\/uploads\/2023\/03\/Chalet-Sara_012.jpg\" data-width=\"1440\" data-height=\"960\" aria-label=\"\" role=\"img\" ><\/div>\n\t\t\t\t\t\t\t\t\t\t\t<div class=\"elementor-gallery-item__overlay\"><\/div>\n\t\t\t\t\t\t\t\t\t\t\t\t\t\t<\/a>\n\t\t\t\t\t\t\t<a class=\"e-gallery-item elementor-gallery-item elementor-animated-content\" href=\"https:\/\/riederbach.ch\/wp-content\/uploads\/2023\/03\/Chalet-Sara_013.jpg\" data-elementor-open-lightbox=\"yes\" data-elementor-lightbox-slideshow=\"dbc02a0\" data-elementor-lightbox-title=\"Chalet Sara_013\" data-e-action-hash=\"#elementor-action%3Aaction%3Dlightbox%26settings%3DeyJpZCI6MTIwNTgsInVybCI6Imh0dHBzOlwvXC9yaWVkZXJiYWNoLmNoXC93cC1jb250ZW50XC91cGxvYWRzXC8yMDIzXC8wM1wvQ2hhbGV0LVNhcmFfMDEzLmpwZyIsInNsaWRlc2hvdyI6ImRiYzAyYTAifQ%3D%3D\">\n\t\t\t\t\t<div class=\"e-gallery-image elementor-gallery-item__image\" data-thumbnail=\"https:\/\/riederbach.ch\/wp-content\/uploads\/2023\/03\/Chalet-Sara_013.jpg\" data-width=\"1440\" data-height=\"960\" aria-label=\"\" role=\"img\" ><\/div>\n\t\t\t\t\t\t\t\t\t\t\t<div class=\"elementor-gallery-item__overlay\"><\/div>\n\t\t\t\t\t\t\t\t\t\t\t\t\t\t<\/a>\n\t\t\t\t\t\t\t<a class=\"e-gallery-item elementor-gallery-item elementor-animated-content\" href=\"https:\/\/riederbach.ch\/wp-content\/uploads\/2023\/03\/Chalet-Sara_014.jpg\" data-elementor-open-lightbox=\"yes\" data-elementor-lightbox-slideshow=\"dbc02a0\" data-elementor-lightbox-title=\"Chalet Sara_014\" data-e-action-hash=\"#elementor-action%3Aaction%3Dlightbox%26settings%3DeyJpZCI6MTIwNjIsInVybCI6Imh0dHBzOlwvXC9yaWVkZXJiYWNoLmNoXC93cC1jb250ZW50XC91cGxvYWRzXC8yMDIzXC8wM1wvQ2hhbGV0LVNhcmFfMDE0LmpwZyIsInNsaWRlc2hvdyI6ImRiYzAyYTAifQ%3D%3D\">\n\t\t\t\t\t<div class=\"e-gallery-image elementor-gallery-item__image\" data-thumbnail=\"https:\/\/riederbach.ch\/wp-content\/uploads\/2023\/03\/Chalet-Sara_014.jpg\" data-width=\"1440\" data-height=\"960\" aria-label=\"\" role=\"img\" ><\/div>\n\t\t\t\t\t\t\t\t\t\t\t<div class=\"elementor-gallery-item__overlay\"><\/div>\n\t\t\t\t\t\t\t\t\t\t\t\t\t\t<\/a>\n\t\t\t\t\t\t\t<a class=\"e-gallery-item elementor-gallery-item elementor-animated-content\" href=\"https:\/\/riederbach.ch\/wp-content\/uploads\/2023\/03\/Chalet-Sara_015.jpg\" data-elementor-open-lightbox=\"yes\" data-elementor-lightbox-slideshow=\"dbc02a0\" data-elementor-lightbox-title=\"Chalet Sara_015\" data-e-action-hash=\"#elementor-action%3Aaction%3Dlightbox%26settings%3DeyJpZCI6MTIwNjYsInVybCI6Imh0dHBzOlwvXC9yaWVkZXJiYWNoLmNoXC93cC1jb250ZW50XC91cGxvYWRzXC8yMDIzXC8wM1wvQ2hhbGV0LVNhcmFfMDE1LmpwZyIsInNsaWRlc2hvdyI6ImRiYzAyYTAifQ%3D%3D\">\n\t\t\t\t\t<div class=\"e-gallery-image elementor-gallery-item__image\" data-thumbnail=\"https:\/\/riederbach.ch\/wp-content\/uploads\/2023\/03\/Chalet-Sara_015.jpg\" data-width=\"1440\" data-height=\"960\" aria-label=\"\" role=\"img\" ><\/div>\n\t\t\t\t\t\t\t\t\t\t\t<div class=\"elementor-gallery-item__overlay\"><\/div>\n\t\t\t\t\t\t\t\t\t\t\t\t\t\t<\/a>\n\t\t\t\t\t\t\t<a class=\"e-gallery-item elementor-gallery-item elementor-animated-content\" href=\"https:\/\/riederbach.ch\/wp-content\/uploads\/2023\/03\/Chalet-Sara_016.jpg\" data-elementor-open-lightbox=\"yes\" data-elementor-lightbox-slideshow=\"dbc02a0\" data-elementor-lightbox-title=\"Chalet Sara_016\" data-e-action-hash=\"#elementor-action%3Aaction%3Dlightbox%26settings%3DeyJpZCI6MTIwNzAsInVybCI6Imh0dHBzOlwvXC9yaWVkZXJiYWNoLmNoXC93cC1jb250ZW50XC91cGxvYWRzXC8yMDIzXC8wM1wvQ2hhbGV0LVNhcmFfMDE2LmpwZyIsInNsaWRlc2hvdyI6ImRiYzAyYTAifQ%3D%3D\">\n\t\t\t\t\t<div class=\"e-gallery-image elementor-gallery-item__image\" data-thumbnail=\"https:\/\/riederbach.ch\/wp-content\/uploads\/2023\/03\/Chalet-Sara_016.jpg\" data-width=\"1014\" data-height=\"1441\" aria-label=\"\" role=\"img\" ><\/div>\n\t\t\t\t\t\t\t\t\t\t\t<div class=\"elementor-gallery-item__overlay\"><\/div>\n\t\t\t\t\t\t\t\t\t\t\t\t\t\t<\/a>\n\t\t\t\t\t<\/div>\n\t\t\t\t\t<\/div>\n\t\t\t\t<\/div>\n\t\t\t\t\t<\/div>\n\t\t<\/div>\n\t\t\t\t\t<\/div>\n\t\t<\/section>\n\t\t\t\t<section class=\"elementor-section elementor-top-section elementor-element elementor-element-3630a9d elementor-section-boxed elementor-section-height-default elementor-section-height-default\" data-id=\"3630a9d\" data-element_type=\"section\" data-e-type=\"section\">\n\t\t\t\t\t\t<div class=\"elementor-container elementor-column-gap-default\">\n\t\t\t\t\t<div class=\"elementor-column elementor-col-100 elementor-top-column elementor-element elementor-element-70c787e\" data-id=\"70c787e\" data-element_type=\"column\" data-e-type=\"column\">\n\t\t\t<div class=\"elementor-widget-wrap elementor-element-populated\">\n\t\t\t\t\t\t<div class=\"elementor-element elementor-element-ee9a1d5 elementor-widget elementor-widget-spacer\" data-id=\"ee9a1d5\" data-element_type=\"widget\" data-e-type=\"widget\" data-widget_type=\"spacer.default\">\n\t\t\t\t<div class=\"elementor-widget-container\">\n\t\t\t\t\t\t\t<div class=\"elementor-spacer\">\n\t\t\t<div class=\"elementor-spacer-inner\"><\/div>\n\t\t<\/div>\n\t\t\t\t\t\t<\/div>\n\t\t\t\t<\/div>\n\t\t\t\t<div class=\"elementor-element elementor-element-850c3f2 elementor-align-center elementor-widget elementor-widget-the7_button_widget\" data-id=\"850c3f2\" data-element_type=\"widget\" data-e-type=\"widget\" data-widget_type=\"the7_button_widget.default\">\n\t\t\t\t<div class=\"elementor-widget-container\">\n\t\t\t\t\t<div class=\"elementor-button-wrapper\"><a href=\"https:\/\/riederbach.ch\/en\/projects\/\" class=\"box-button elementor-button elementor-size-md\">PROJETS<\/a><\/div>\t\t\t\t<\/div>\n\t\t\t\t<\/div>\n\t\t\t\t<div class=\"elementor-element elementor-element-cec93a6 elementor-widget elementor-widget-spacer\" data-id=\"cec93a6\" data-element_type=\"widget\" data-e-type=\"widget\" data-widget_type=\"spacer.default\">\n\t\t\t\t<div class=\"elementor-widget-container\">\n\t\t\t\t\t\t\t<div class=\"elementor-spacer\">\n\t\t\t<div class=\"elementor-spacer-inner\"><\/div>\n\t\t<\/div>\n\t\t\t\t\t\t<\/div>\n\t\t\t\t<\/div>\n\t\t\t\t\t<\/div>\n\t\t<\/div>\n\t\t\t\t\t<\/div>\n\t\t<\/section>\n\t\t\t\t<\/div>\n\t\t","protected":false},"excerpt":{"rendered":"<p>SARA Laissez-vous convaincre par les mat\u00e9riaux de choix qui, combin\u00e9s, cr\u00e9ent une atmosph\u00e8re chaleureuse o\u00f9 il est plaisant de s\u00e9journer. Dans chacune de nos r\u00e9alisations, le bois, qui fait partie int\u00e9grante d&rsquo;un chalet, est un \u00e9l\u00e9ment important. Il est ici parfaitement mis en sc\u00e8ne. PROJETS<\/p>\n","protected":false},"author":1,"featured_media":12018,"comment_status":"closed","ping_status":"closed","sticky":false,"template":"elementor_header_footer","format":"standard","meta":{"footnotes":""},"categories":[91],"tags":[100,101,103,94,93,102,106,97,104,105,98,95,99,96,107,108],"class_list":["post-12095","post","type-post","status-publish","format-standard","has-post-thumbnail","hentry","category-projets","tag-alpes-fr","tag-alpine-chalet-fr","tag-alps-fr","tag-architects-fr","tag-architecture-fr","tag-chalet-fr","tag-design-fr","tag-gstaad-fr","tag-luxury-chalets-fr","tag-real-state-fr","tag-saanen-fr","tag-suisse-fr","tag-swiss-alps-fr","tag-switzerland-fr","tag-wood-fr","tag-wood-construction-fr"],"yoast_head":"<!-- This site is optimized with the Yoast SEO plugin v27.4 - https:\/\/yoast.com\/product\/yoast-seo-wordpress\/ -->\n<title>SARA - RIEDER BACH ARCHITEKTUR<\/title>\n<meta name=\"robots\" content=\"index, follow, max-snippet:-1, max-image-preview:large, max-video-preview:-1\" \/>\n<link rel=\"canonical\" href=\"https:\/\/riederbach.ch\/fr\/sara\/\" \/>\n<meta property=\"og:locale\" content=\"fr_FR\" \/>\n<meta property=\"og:type\" content=\"article\" \/>\n<meta property=\"og:title\" content=\"SARA - RIEDER BACH ARCHITEKTUR\" \/>\n<meta property=\"og:description\" content=\"SARA Laissez-vous convaincre par les mat\u00e9riaux de choix qui, combin\u00e9s, cr\u00e9ent une atmosph\u00e8re chaleureuse o\u00f9 il est plaisant de s\u00e9journer. Dans chacune de nos r\u00e9alisations, le bois, qui fait partie int\u00e9grante d&rsquo;un chalet, est un \u00e9l\u00e9ment important. Il est ici parfaitement mis en sc\u00e8ne. PROJETS\" \/>\n<meta property=\"og:url\" content=\"https:\/\/riederbach.ch\/fr\/sara\/\" \/>\n<meta property=\"og:site_name\" content=\"RIEDER BACH ARCHITEKTUR GSTAAD\" \/>\n<meta property=\"article:publisher\" content=\"https:\/\/www.facebook.com\/riederbach\" \/>\n<meta property=\"article:published_time\" content=\"2023-03-06T15:50:45+00:00\" \/>\n<meta property=\"article:modified_time\" content=\"2023-03-06T16:05:00+00:00\" \/>\n<meta property=\"og:image\" content=\"https:\/\/riederbach.ch\/wp-content\/uploads\/2023\/03\/Chalet-Sara_04.jpg\" \/>\n\t<meta property=\"og:image:width\" content=\"1440\" \/>\n\t<meta property=\"og:image:height\" content=\"960\" \/>\n\t<meta property=\"og:image:type\" content=\"image\/jpeg\" \/>\n<meta name=\"author\" content=\"HCABREDEIR2021\" \/>\n<meta name=\"twitter:card\" content=\"summary_large_image\" \/>\n<meta name=\"twitter:label1\" content=\"\u00c9crit par\" \/>\n\t<meta name=\"twitter:data1\" content=\"HCABREDEIR2021\" \/>\n\t<meta name=\"twitter:label2\" content=\"Dur\u00e9e de lecture estim\u00e9e\" \/>\n\t<meta name=\"twitter:data2\" content=\"1 minute\" \/>\n<script type=\"application\/ld+json\" class=\"yoast-schema-graph\">{\"@context\":\"https:\\\/\\\/schema.org\",\"@graph\":[{\"@type\":\"Article\",\"@id\":\"https:\\\/\\\/riederbach.ch\\\/fr\\\/sara\\\/#article\",\"isPartOf\":{\"@id\":\"https:\\\/\\\/riederbach.ch\\\/fr\\\/sara\\\/\"},\"author\":{\"name\":\"HCABREDEIR2021\",\"@id\":\"https:\\\/\\\/riederbach.ch\\\/fr\\\/#\\\/schema\\\/person\\\/4fd5ffd27f03727c6a686e7ca8090a9b\"},\"headline\":\"SARA\",\"datePublished\":\"2023-03-06T15:50:45+00:00\",\"dateModified\":\"2023-03-06T16:05:00+00:00\",\"mainEntityOfPage\":{\"@id\":\"https:\\\/\\\/riederbach.ch\\\/fr\\\/sara\\\/\"},\"wordCount\":56,\"publisher\":{\"@id\":\"https:\\\/\\\/riederbach.ch\\\/fr\\\/#organization\"},\"image\":{\"@id\":\"https:\\\/\\\/riederbach.ch\\\/fr\\\/sara\\\/#primaryimage\"},\"thumbnailUrl\":\"https:\\\/\\\/riederbach.ch\\\/wp-content\\\/uploads\\\/2023\\\/03\\\/Chalet-Sara_04.jpg\",\"keywords\":[\"alpes\",\"alpine chalet\",\"alps\",\"architects\",\"architecture\",\"chalet\",\"design\",\"gstaad\",\"luxury chalets\",\"real state\",\"saanen\",\"suisse\",\"swiss alps\",\"switzerland\",\"wood\",\"wood construction\"],\"articleSection\":[\"Projets\"],\"inLanguage\":\"fr-FR\"},{\"@type\":\"WebPage\",\"@id\":\"https:\\\/\\\/riederbach.ch\\\/fr\\\/sara\\\/\",\"url\":\"https:\\\/\\\/riederbach.ch\\\/fr\\\/sara\\\/\",\"name\":\"SARA - RIEDER BACH ARCHITEKTUR\",\"isPartOf\":{\"@id\":\"https:\\\/\\\/riederbach.ch\\\/fr\\\/#website\"},\"primaryImageOfPage\":{\"@id\":\"https:\\\/\\\/riederbach.ch\\\/fr\\\/sara\\\/#primaryimage\"},\"image\":{\"@id\":\"https:\\\/\\\/riederbach.ch\\\/fr\\\/sara\\\/#primaryimage\"},\"thumbnailUrl\":\"https:\\\/\\\/riederbach.ch\\\/wp-content\\\/uploads\\\/2023\\\/03\\\/Chalet-Sara_04.jpg\",\"datePublished\":\"2023-03-06T15:50:45+00:00\",\"dateModified\":\"2023-03-06T16:05:00+00:00\",\"breadcrumb\":{\"@id\":\"https:\\\/\\\/riederbach.ch\\\/fr\\\/sara\\\/#breadcrumb\"},\"inLanguage\":\"fr-FR\",\"potentialAction\":[{\"@type\":\"ReadAction\",\"target\":[\"https:\\\/\\\/riederbach.ch\\\/fr\\\/sara\\\/\"]}]},{\"@type\":\"ImageObject\",\"inLanguage\":\"fr-FR\",\"@id\":\"https:\\\/\\\/riederbach.ch\\\/fr\\\/sara\\\/#primaryimage\",\"url\":\"https:\\\/\\\/riederbach.ch\\\/wp-content\\\/uploads\\\/2023\\\/03\\\/Chalet-Sara_04.jpg\",\"contentUrl\":\"https:\\\/\\\/riederbach.ch\\\/wp-content\\\/uploads\\\/2023\\\/03\\\/Chalet-Sara_04.jpg\",\"width\":1440,\"height\":960},{\"@type\":\"BreadcrumbList\",\"@id\":\"https:\\\/\\\/riederbach.ch\\\/fr\\\/sara\\\/#breadcrumb\",\"itemListElement\":[{\"@type\":\"ListItem\",\"position\":1,\"name\":\"Home\",\"item\":\"https:\\\/\\\/riederbach.ch\\\/fr\\\/accueil\\\/\"},{\"@type\":\"ListItem\",\"position\":2,\"name\":\"SARA\"}]},{\"@type\":\"WebSite\",\"@id\":\"https:\\\/\\\/riederbach.ch\\\/fr\\\/#website\",\"url\":\"https:\\\/\\\/riederbach.ch\\\/fr\\\/\",\"name\":\"RIEDER BACH ARCHITEKTUR GSTAAD\",\"description\":\"RIEDER BACH is a leading architecture office in Gstaad and a market leader in high-end residential architecture in Switzerland.\",\"publisher\":{\"@id\":\"https:\\\/\\\/riederbach.ch\\\/fr\\\/#organization\"},\"potentialAction\":[{\"@type\":\"SearchAction\",\"target\":{\"@type\":\"EntryPoint\",\"urlTemplate\":\"https:\\\/\\\/riederbach.ch\\\/fr\\\/?s={search_term_string}\"},\"query-input\":{\"@type\":\"PropertyValueSpecification\",\"valueRequired\":true,\"valueName\":\"search_term_string\"}}],\"inLanguage\":\"fr-FR\"},{\"@type\":\"Organization\",\"@id\":\"https:\\\/\\\/riederbach.ch\\\/fr\\\/#organization\",\"name\":\"RIEDER BACH ARCHITEKTUR GSTAAD\",\"url\":\"https:\\\/\\\/riederbach.ch\\\/fr\\\/\",\"logo\":{\"@type\":\"ImageObject\",\"inLanguage\":\"fr-FR\",\"@id\":\"https:\\\/\\\/riederbach.ch\\\/fr\\\/#\\\/schema\\\/logo\\\/image\\\/\",\"url\":\"https:\\\/\\\/riederbach.ch\\\/wp-content\\\/uploads\\\/2021\\\/08\\\/logo-350x100-1.png\",\"contentUrl\":\"https:\\\/\\\/riederbach.ch\\\/wp-content\\\/uploads\\\/2021\\\/08\\\/logo-350x100-1.png\",\"width\":350,\"height\":100,\"caption\":\"RIEDER BACH ARCHITEKTUR GSTAAD\"},\"image\":{\"@id\":\"https:\\\/\\\/riederbach.ch\\\/fr\\\/#\\\/schema\\\/logo\\\/image\\\/\"},\"sameAs\":[\"https:\\\/\\\/www.facebook.com\\\/riederbach\",\"https:\\\/\\\/www.instagram.com\\\/riederbach\\\/\",\"https:\\\/\\\/www.linkedin.com\\\/company\\\/11056632\\\/admin\\\/\"]},{\"@type\":\"Person\",\"@id\":\"https:\\\/\\\/riederbach.ch\\\/fr\\\/#\\\/schema\\\/person\\\/4fd5ffd27f03727c6a686e7ca8090a9b\",\"name\":\"HCABREDEIR2021\",\"image\":{\"@type\":\"ImageObject\",\"inLanguage\":\"fr-FR\",\"@id\":\"https:\\\/\\\/secure.gravatar.com\\\/avatar\\\/1b1a8f9bb2cfde01064b675034dbdcc7e136b6d1be7fcd2a6a76d722528e62ce?s=96&d=mm&r=g\",\"url\":\"https:\\\/\\\/secure.gravatar.com\\\/avatar\\\/1b1a8f9bb2cfde01064b675034dbdcc7e136b6d1be7fcd2a6a76d722528e62ce?s=96&d=mm&r=g\",\"contentUrl\":\"https:\\\/\\\/secure.gravatar.com\\\/avatar\\\/1b1a8f9bb2cfde01064b675034dbdcc7e136b6d1be7fcd2a6a76d722528e62ce?s=96&d=mm&r=g\",\"caption\":\"HCABREDEIR2021\"},\"sameAs\":[\"https:\\\/\\\/riederbach.ch\"]}]}<\/script>\n<!-- \/ Yoast SEO plugin. -->","yoast_head_json":{"title":"SARA - RIEDER BACH ARCHITEKTUR","robots":{"index":"index","follow":"follow","max-snippet":"max-snippet:-1","max-image-preview":"max-image-preview:large","max-video-preview":"max-video-preview:-1"},"canonical":"https:\/\/riederbach.ch\/fr\/sara\/","og_locale":"fr_FR","og_type":"article","og_title":"SARA - RIEDER BACH ARCHITEKTUR","og_description":"SARA Laissez-vous convaincre par les mat\u00e9riaux de choix qui, combin\u00e9s, cr\u00e9ent une atmosph\u00e8re chaleureuse o\u00f9 il est plaisant de s\u00e9journer. Dans chacune de nos r\u00e9alisations, le bois, qui fait partie int\u00e9grante d&rsquo;un chalet, est un \u00e9l\u00e9ment important. Il est ici parfaitement mis en sc\u00e8ne. PROJETS","og_url":"https:\/\/riederbach.ch\/fr\/sara\/","og_site_name":"RIEDER BACH ARCHITEKTUR GSTAAD","article_publisher":"https:\/\/www.facebook.com\/riederbach","article_published_time":"2023-03-06T15:50:45+00:00","article_modified_time":"2023-03-06T16:05:00+00:00","og_image":[{"width":1440,"height":960,"url":"https:\/\/riederbach.ch\/wp-content\/uploads\/2023\/03\/Chalet-Sara_04.jpg","type":"image\/jpeg"}],"author":"HCABREDEIR2021","twitter_card":"summary_large_image","twitter_misc":{"\u00c9crit par":"HCABREDEIR2021","Dur\u00e9e de lecture estim\u00e9e":"1 minute"},"schema":{"@context":"https:\/\/schema.org","@graph":[{"@type":"Article","@id":"https:\/\/riederbach.ch\/fr\/sara\/#article","isPartOf":{"@id":"https:\/\/riederbach.ch\/fr\/sara\/"},"author":{"name":"HCABREDEIR2021","@id":"https:\/\/riederbach.ch\/fr\/#\/schema\/person\/4fd5ffd27f03727c6a686e7ca8090a9b"},"headline":"SARA","datePublished":"2023-03-06T15:50:45+00:00","dateModified":"2023-03-06T16:05:00+00:00","mainEntityOfPage":{"@id":"https:\/\/riederbach.ch\/fr\/sara\/"},"wordCount":56,"publisher":{"@id":"https:\/\/riederbach.ch\/fr\/#organization"},"image":{"@id":"https:\/\/riederbach.ch\/fr\/sara\/#primaryimage"},"thumbnailUrl":"https:\/\/riederbach.ch\/wp-content\/uploads\/2023\/03\/Chalet-Sara_04.jpg","keywords":["alpes","alpine chalet","alps","architects","architecture","chalet","design","gstaad","luxury chalets","real state","saanen","suisse","swiss alps","switzerland","wood","wood construction"],"articleSection":["Projets"],"inLanguage":"fr-FR"},{"@type":"WebPage","@id":"https:\/\/riederbach.ch\/fr\/sara\/","url":"https:\/\/riederbach.ch\/fr\/sara\/","name":"SARA - RIEDER BACH ARCHITEKTUR","isPartOf":{"@id":"https:\/\/riederbach.ch\/fr\/#website"},"primaryImageOfPage":{"@id":"https:\/\/riederbach.ch\/fr\/sara\/#primaryimage"},"image":{"@id":"https:\/\/riederbach.ch\/fr\/sara\/#primaryimage"},"thumbnailUrl":"https:\/\/riederbach.ch\/wp-content\/uploads\/2023\/03\/Chalet-Sara_04.jpg","datePublished":"2023-03-06T15:50:45+00:00","dateModified":"2023-03-06T16:05:00+00:00","breadcrumb":{"@id":"https:\/\/riederbach.ch\/fr\/sara\/#breadcrumb"},"inLanguage":"fr-FR","potentialAction":[{"@type":"ReadAction","target":["https:\/\/riederbach.ch\/fr\/sara\/"]}]},{"@type":"ImageObject","inLanguage":"fr-FR","@id":"https:\/\/riederbach.ch\/fr\/sara\/#primaryimage","url":"https:\/\/riederbach.ch\/wp-content\/uploads\/2023\/03\/Chalet-Sara_04.jpg","contentUrl":"https:\/\/riederbach.ch\/wp-content\/uploads\/2023\/03\/Chalet-Sara_04.jpg","width":1440,"height":960},{"@type":"BreadcrumbList","@id":"https:\/\/riederbach.ch\/fr\/sara\/#breadcrumb","itemListElement":[{"@type":"ListItem","position":1,"name":"Home","item":"https:\/\/riederbach.ch\/fr\/accueil\/"},{"@type":"ListItem","position":2,"name":"SARA"}]},{"@type":"WebSite","@id":"https:\/\/riederbach.ch\/fr\/#website","url":"https:\/\/riederbach.ch\/fr\/","name":"RIEDER BACH ARCHITEKTUR GSTAAD","description":"RIEDER BACH is a leading architecture office in Gstaad and a market leader in high-end residential architecture in Switzerland.","publisher":{"@id":"https:\/\/riederbach.ch\/fr\/#organization"},"potentialAction":[{"@type":"SearchAction","target":{"@type":"EntryPoint","urlTemplate":"https:\/\/riederbach.ch\/fr\/?s={search_term_string}"},"query-input":{"@type":"PropertyValueSpecification","valueRequired":true,"valueName":"search_term_string"}}],"inLanguage":"fr-FR"},{"@type":"Organization","@id":"https:\/\/riederbach.ch\/fr\/#organization","name":"RIEDER BACH ARCHITEKTUR GSTAAD","url":"https:\/\/riederbach.ch\/fr\/","logo":{"@type":"ImageObject","inLanguage":"fr-FR","@id":"https:\/\/riederbach.ch\/fr\/#\/schema\/logo\/image\/","url":"https:\/\/riederbach.ch\/wp-content\/uploads\/2021\/08\/logo-350x100-1.png","contentUrl":"https:\/\/riederbach.ch\/wp-content\/uploads\/2021\/08\/logo-350x100-1.png","width":350,"height":100,"caption":"RIEDER BACH ARCHITEKTUR GSTAAD"},"image":{"@id":"https:\/\/riederbach.ch\/fr\/#\/schema\/logo\/image\/"},"sameAs":["https:\/\/www.facebook.com\/riederbach","https:\/\/www.instagram.com\/riederbach\/","https:\/\/www.linkedin.com\/company\/11056632\/admin\/"]},{"@type":"Person","@id":"https:\/\/riederbach.ch\/fr\/#\/schema\/person\/4fd5ffd27f03727c6a686e7ca8090a9b","name":"HCABREDEIR2021","image":{"@type":"ImageObject","inLanguage":"fr-FR","@id":"https:\/\/secure.gravatar.com\/avatar\/1b1a8f9bb2cfde01064b675034dbdcc7e136b6d1be7fcd2a6a76d722528e62ce?s=96&d=mm&r=g","url":"https:\/\/secure.gravatar.com\/avatar\/1b1a8f9bb2cfde01064b675034dbdcc7e136b6d1be7fcd2a6a76d722528e62ce?s=96&d=mm&r=g","contentUrl":"https:\/\/secure.gravatar.com\/avatar\/1b1a8f9bb2cfde01064b675034dbdcc7e136b6d1be7fcd2a6a76d722528e62ce?s=96&d=mm&r=g","caption":"HCABREDEIR2021"},"sameAs":["https:\/\/riederbach.ch"]}]}},"_links":{"self":[{"href":"https:\/\/riederbach.ch\/fr\/wp-json\/wp\/v2\/posts\/12095","targetHints":{"allow":["GET"]}}],"collection":[{"href":"https:\/\/riederbach.ch\/fr\/wp-json\/wp\/v2\/posts"}],"about":[{"href":"https:\/\/riederbach.ch\/fr\/wp-json\/wp\/v2\/types\/post"}],"author":[{"embeddable":true,"href":"https:\/\/riederbach.ch\/fr\/wp-json\/wp\/v2\/users\/1"}],"replies":[{"embeddable":true,"href":"https:\/\/riederbach.ch\/fr\/wp-json\/wp\/v2\/comments?post=12095"}],"version-history":[{"count":8,"href":"https:\/\/riederbach.ch\/fr\/wp-json\/wp\/v2\/posts\/12095\/revisions"}],"predecessor-version":[{"id":12107,"href":"https:\/\/riederbach.ch\/fr\/wp-json\/wp\/v2\/posts\/12095\/revisions\/12107"}],"wp:featuredmedia":[{"embeddable":true,"href":"https:\/\/riederbach.ch\/fr\/wp-json\/wp\/v2\/media\/12018"}],"wp:attachment":[{"href":"https:\/\/riederbach.ch\/fr\/wp-json\/wp\/v2\/media?parent=12095"}],"wp:term":[{"taxonomy":"category","embeddable":true,"href":"https:\/\/riederbach.ch\/fr\/wp-json\/wp\/v2\/categories?post=12095"},{"taxonomy":"post_tag","embeddable":true,"href":"https:\/\/riederbach.ch\/fr\/wp-json\/wp\/v2\/tags?post=12095"}],"curies":[{"name":"wp","href":"https:\/\/api.w.org\/{rel}","templated":true}]}}